{"id":89,"date":"2005-01-27T01:20:34","date_gmt":"2005-01-27T01:20:34","guid":{"rendered":"\/blog\/2005\/01\/27\/com-a-escuridao-desaba-o-sono\/"},"modified":"2005-01-27T01:20:34","modified_gmt":"2005-01-27T01:20:34","slug":"com-a-escuridao-desaba-o-sono","status":"publish","type":"post","link":"https:\/\/diffraction.pt\/blog\/2005\/01\/27\/com-a-escuridao-desaba-o-sono\/","title":{"rendered":"com a escurid\u00e3o desaba o sono"},"content":{"rendered":"<p>lentamente<br \/>\ninstala-se o frio. n\u00e3o me gela os ossos,<br \/>\nestreme\u00e7o apenas.<\/p>\n<p>s\u00f3.<br \/>\npodia n\u00e3o estar<br \/>\nmas prefiro a companhia da<br \/>\n&nbsp;&nbsp;&nbsp;&nbsp;&nbsp;&nbsp;&nbsp;&nbsp;\u00fanica pessoa que algum dia<br \/>\n&nbsp;&nbsp;&nbsp;&nbsp;&nbsp;&nbsp;&nbsp;&nbsp;me compreendeu.<\/p>\n<p>sublime.<br \/>\nreconhecer a melancolia ao espelho.<br \/>\nacolher-me de volta<br \/>\ne por breves instantes<\/p>\n<div align=\"center\">sorrir<\/div>\n","protected":false},"excerpt":{"rendered":"<p>lentamente instala-se o frio. n\u00e3o me gela os ossos, estreme\u00e7o apenas. s\u00f3. podia n\u00e3o estar mas prefiro a companhia da &nbsp;&nbsp;&nbsp;&nbsp;&nbsp;&nbsp;&nbsp;&nbsp;\u00fanica pessoa que algum dia &nbsp;&nbsp;&nbsp;&nbsp;&nbsp;&nbsp;&nbsp;&nbsp;me compreendeu. sublime. reconhecer a melancolia ao espelho. acolher-me de volta e por breves instantes sorrir<\/p>\n","protected":false},"author":1,"featured_media":0,"comment_status":"open","ping_status":"closed","sticky":false,"template":"","format":"standard","meta":{"jetpack_post_was_ever_published":false,"_jetpack_newsletter_access":"","_jetpack_dont_email_post_to_subs":false,"_jetpack_newsletter_tier_id":0,"_jetpack_memberships_contains_paywalled_content":false,"_jetpack_memberships_contains_paid_content":false,"activitypub_content_warning":"","activitypub_content_visibility":"","activitypub_max_image_attachments":3,"activitypub_interaction_policy_quote":"anyone","activitypub_status":"","footnotes":""},"categories":[12],"tags":[],"class_list":["post-89","post","type-post","status-publish","format-standard","hentry","category-portuguese"],"jetpack_featured_media_url":"","jetpack_shortlink":"https:\/\/wp.me\/p9OnVm-1r","jetpack_sharing_enabled":true,"_links":{"self":[{"href":"https:\/\/diffraction.pt\/blog\/wp-json\/wp\/v2\/posts\/89","targetHints":{"allow":["GET"]}}],"collection":[{"href":"https:\/\/diffraction.pt\/blog\/wp-json\/wp\/v2\/posts"}],"about":[{"href":"https:\/\/diffraction.pt\/blog\/wp-json\/wp\/v2\/types\/post"}],"author":[{"embeddable":true,"href":"https:\/\/diffraction.pt\/blog\/wp-json\/wp\/v2\/users\/1"}],"replies":[{"embeddable":true,"href":"https:\/\/diffraction.pt\/blog\/wp-json\/wp\/v2\/comments?post=89"}],"version-history":[{"count":0,"href":"https:\/\/diffraction.pt\/blog\/wp-json\/wp\/v2\/posts\/89\/revisions"}],"wp:attachment":[{"href":"https:\/\/diffraction.pt\/blog\/wp-json\/wp\/v2\/media?parent=89"}],"wp:term":[{"taxonomy":"category","embeddable":true,"href":"https:\/\/diffraction.pt\/blog\/wp-json\/wp\/v2\/categories?post=89"},{"taxonomy":"post_tag","embeddable":true,"href":"https:\/\/diffraction.pt\/blog\/wp-json\/wp\/v2\/tags?post=89"}],"curies":[{"name":"wp","href":"https:\/\/api.w.org\/{rel}","templated":true}]}}