{"id":287,"date":"2005-12-27T23:22:11","date_gmt":"2005-12-27T23:22:11","guid":{"rendered":"http:\/\/blog.pauloribeiro.org\/?p=287"},"modified":"2005-12-27T23:22:11","modified_gmt":"2005-12-27T23:22:11","slug":"ha-sitios-que-nao-me-canso-de-visitar","status":"publish","type":"post","link":"https:\/\/diffraction.pt\/blog\/2005\/12\/27\/ha-sitios-que-nao-me-canso-de-visitar\/","title":{"rendered":"h\u00e1 s\u00edtios que n\u00e3o me canso de visitar."},"content":{"rendered":"<p>do que me lembro:<\/p>\n<p>dela, sentada sobre a relva, as pernas dobradas \u00e0 direita do corpo. o \u00e0-vontade duma menina sentada num sof\u00e1 invis\u00edvel.<\/p>\n<p>retira um bloco de notas da mala que havia pousado a seu lado. a mala \u00e9 colorida. os sapatos s\u00e3o a condizer. em cada p\u00e9, uma borboleta.<\/p>\n<p>enquanto escrevinha, distra\u00edda, exige-me que fale. \u201cfala!\u201d<\/p>\n<p>n\u00e3o sei o que dizer. n\u00e3o sou interessante, n\u00e3o tenho sobre que falar. n\u00e3o me ocorre uma palavra sequer.<\/p>\n<p>limito-me a seguir o desenrolar de cada gesto seu como se assistisse a um filme. olho-a, enlevado, do fundo da minha mudez. registo mentalmente as imagens que sei vir a querer rever vezes sem conta.<\/p>\n<p>o sol e o calor. o verde e a sombra. s\u00e2maras rodopiam sem pressa do topo dos ulmeiros. v\u00e3o descendo numa quase suspens\u00e3o at\u00e9 pousarem \u00e0 nossa volta. o tempo esquece-nos; ningu\u00e9m existe para al\u00e9m de n\u00f3s.<\/p>\n<p>subitamente, lembra-se. interrompe o esbo\u00e7o e pede-me que lhe diga por fim onde a beijaria.<\/p>\n<p>sorrio, envergonhado. tamb\u00e9m eu me sinto como um mi\u00fado, afinal. tomo-lhe o antebra\u00e7o na m\u00e3o direita e com a esquerda mostro-lhe onde. ela sorri de volta. \u00e9 a primeira vez que nos tocamos.<\/p>\n<p>pergunta-me ainda de que mais gosto nela para al\u00e9m <em>disto<\/em> (escreve-o numa p\u00e1gina em branco que me d\u00e1 a ler). ocorre-me apenas dizer \u201ctudo\u201d, num repente. os cabelos pretos caindo-lhe sobre os ombros. o sil\u00eancio. acabo por nada dizer.<br \/>\n&nbsp;<br \/>\n&nbsp;<br \/>\n&nbsp;<br \/>\n&nbsp;<br \/>\n&nbsp;<br \/>\n&#8230;nunca mais estes momentos ser\u00e3o nossos. penso-o.<br \/>\n&nbsp;<br \/>\n&nbsp;<br \/>\n&nbsp;<br \/>\n<a href=\"\/blog\/images\/photos\/05\/panoramas\/ha_sitios_que_nao_me_canso_de_visitar.html\" target=\"_blank\"><img decoding=\"async\" src=\"\/blog\/images\/photos\/05\/ha_sitios_que_nao_me_canso_de_visitar.jpg\" alt=\"h\u00e1 s\u00edtios que n\u00e3o me canso de visitar.\" \/><\/a><\/p>\n<p><a href=\"\/blog\/images\/photos\/05\/panoramas\/ha_sitios_que_nao_me_canso_de_visitar.html\" target=\"_blank\">full view +<\/a><br \/>\n&nbsp;<br \/>\n&nbsp;<br \/>\n&nbsp;<br \/>\n<em>de todas, \u00e9 esta a imagem que mais quero guardar de ti. aquela que, sem saber, lembrava antes mesmo de te conhecer.<\/em><\/p>\n","protected":false},"excerpt":{"rendered":"<p>do que me lembro: dela, sentada sobre a relva, as pernas dobradas \u00e0 direita do corpo. o \u00e0-vontade duma menina sentada num sof\u00e1 invis\u00edvel. retira um bloco de notas da mala que havia pousado a seu lado. a mala \u00e9 colorida. os sapatos s\u00e3o a condizer. em cada p\u00e9, uma borboleta. enquanto escrevinha, distra\u00edda, exige-me [&hellip;]<\/p>\n","protected":false},"author":1,"featured_media":0,"comment_status":"closed","ping_status":"closed","sticky":false,"template":"","format":"standard","meta":{"jetpack_post_was_ever_published":false,"_jetpack_newsletter_access":"","_jetpack_dont_email_post_to_subs":false,"_jetpack_newsletter_tier_id":0,"_jetpack_memberships_contains_paywalled_content":false,"_jetpack_memberships_contains_paid_content":false,"activitypub_content_warning":"","activitypub_content_visibility":"","activitypub_max_image_attachments":3,"activitypub_interaction_policy_quote":"anyone","activitypub_status":"","footnotes":""},"categories":[3,12],"tags":[],"class_list":["post-287","post","type-post","status-publish","format-standard","hentry","category-panorama","category-portuguese"],"jetpack_featured_media_url":"","jetpack_shortlink":"https:\/\/wp.me\/p9OnVm-4D","jetpack_sharing_enabled":true,"_links":{"self":[{"href":"https:\/\/diffraction.pt\/blog\/wp-json\/wp\/v2\/posts\/287","targetHints":{"allow":["GET"]}}],"collection":[{"href":"https:\/\/diffraction.pt\/blog\/wp-json\/wp\/v2\/posts"}],"about":[{"href":"https:\/\/diffraction.pt\/blog\/wp-json\/wp\/v2\/types\/post"}],"author":[{"embeddable":true,"href":"https:\/\/diffraction.pt\/blog\/wp-json\/wp\/v2\/users\/1"}],"replies":[{"embeddable":true,"href":"https:\/\/diffraction.pt\/blog\/wp-json\/wp\/v2\/comments?post=287"}],"version-history":[{"count":0,"href":"https:\/\/diffraction.pt\/blog\/wp-json\/wp\/v2\/posts\/287\/revisions"}],"wp:attachment":[{"href":"https:\/\/diffraction.pt\/blog\/wp-json\/wp\/v2\/media?parent=287"}],"wp:term":[{"taxonomy":"category","embeddable":true,"href":"https:\/\/diffraction.pt\/blog\/wp-json\/wp\/v2\/categories?post=287"},{"taxonomy":"post_tag","embeddable":true,"href":"https:\/\/diffraction.pt\/blog\/wp-json\/wp\/v2\/tags?post=287"}],"curies":[{"name":"wp","href":"https:\/\/api.w.org\/{rel}","templated":true}]}}