{"id":227,"date":"2005-07-11T04:47:22","date_gmt":"2005-07-11T03:47:22","guid":{"rendered":"http:\/\/blog.pauloribeiro.org\/?p=227"},"modified":"2005-07-11T04:47:22","modified_gmt":"2005-07-11T03:47:22","slug":"cura","status":"publish","type":"post","link":"https:\/\/diffraction.pt\/blog\/2005\/07\/11\/cura\/","title":{"rendered":"cura"},"content":{"rendered":"<p>disponho as palavras de modo diferente e reinvento a minha j\u00e1 inerte maneira de escrever. vejo-me de fora sem a depend\u00eancia do meu corpo \u00e0s minhas doen\u00e7as: como se n\u00e3o me fosse; sem as feridas em grito. critico-me sem m\u00e1goa. escrevo com a caneta sem a minha tinta em constante indecis\u00e3o.<\/p>\n<p><img decoding=\"async\" src=\"\/blog\/images\/photos\/05\/cura.jpg\" alt=\"cura\" \/><\/p>\n<p>nesta vis\u00e3o de fora que me constr\u00f3i, crio finalmente uma ideia real do que transpare\u00e7o. mas (re)reflectir-me na retina recria tamb\u00e9m uma nova altera\u00e7\u00e3o no que pare\u00e7o. o processo \u00e9 anulado, <strong>falha-se<\/strong> a tentativa de ter uma vis\u00e3o fugaz e isenta deste eu que ando a tentar descobrir (e talvez gostar): o meu corpo insiste em ser-me, em aperceber-se de que eu o observo. e a\u00ed, baixo a cabe\u00e7a e abstraio-me, at\u00e9 voltar a reconhecer a minha voz.<br \/>\n&nbsp;<br \/>\n&nbsp;<br \/>\n<em><a href=\"http:\/\/paraepensa.blogspot.com\">maharet<\/a><\/em><\/p>\n","protected":false},"excerpt":{"rendered":"<p>disponho as palavras de modo diferente e reinvento a minha j\u00e1 inerte maneira de escrever. vejo-me de fora sem a depend\u00eancia do meu corpo \u00e0s minhas doen\u00e7as: como se n\u00e3o me fosse; sem as feridas em grito. critico-me sem m\u00e1goa. escrevo com a caneta sem a minha tinta em constante indecis\u00e3o. nesta vis\u00e3o de fora [&hellip;]<\/p>\n","protected":false},"author":1,"featured_media":0,"comment_status":"open","ping_status":"closed","sticky":false,"template":"","format":"standard","meta":{"jetpack_post_was_ever_published":false,"_jetpack_newsletter_access":"","_jetpack_dont_email_post_to_subs":false,"_jetpack_newsletter_tier_id":0,"_jetpack_memberships_contains_paywalled_content":false,"_jetpack_memberships_contains_paid_content":false,"activitypub_content_warning":"","activitypub_content_visibility":"","activitypub_max_image_attachments":3,"activitypub_interaction_policy_quote":"anyone","activitypub_status":"","footnotes":""},"categories":[2,12],"tags":[],"class_list":["post-227","post","type-post","status-publish","format-standard","hentry","category-images","category-portuguese"],"jetpack_featured_media_url":"","jetpack_shortlink":"https:\/\/wp.me\/s9OnVm-cura","jetpack_sharing_enabled":true,"_links":{"self":[{"href":"https:\/\/diffraction.pt\/blog\/wp-json\/wp\/v2\/posts\/227","targetHints":{"allow":["GET"]}}],"collection":[{"href":"https:\/\/diffraction.pt\/blog\/wp-json\/wp\/v2\/posts"}],"about":[{"href":"https:\/\/diffraction.pt\/blog\/wp-json\/wp\/v2\/types\/post"}],"author":[{"embeddable":true,"href":"https:\/\/diffraction.pt\/blog\/wp-json\/wp\/v2\/users\/1"}],"replies":[{"embeddable":true,"href":"https:\/\/diffraction.pt\/blog\/wp-json\/wp\/v2\/comments?post=227"}],"version-history":[{"count":0,"href":"https:\/\/diffraction.pt\/blog\/wp-json\/wp\/v2\/posts\/227\/revisions"}],"wp:attachment":[{"href":"https:\/\/diffraction.pt\/blog\/wp-json\/wp\/v2\/media?parent=227"}],"wp:term":[{"taxonomy":"category","embeddable":true,"href":"https:\/\/diffraction.pt\/blog\/wp-json\/wp\/v2\/categories?post=227"},{"taxonomy":"post_tag","embeddable":true,"href":"https:\/\/diffraction.pt\/blog\/wp-json\/wp\/v2\/tags?post=227"}],"curies":[{"name":"wp","href":"https:\/\/api.w.org\/{rel}","templated":true}]}}