{"id":226,"date":"2005-07-13T00:11:18","date_gmt":"2005-07-12T23:11:18","guid":{"rendered":"http:\/\/blog.pauloribeiro.org\/?p=226"},"modified":"2005-07-13T00:11:18","modified_gmt":"2005-07-12T23:11:18","slug":"se-fossemos-a-praia","status":"publish","type":"post","link":"https:\/\/diffraction.pt\/blog\/2005\/07\/13\/se-fossemos-a-praia\/","title":{"rendered":"&#8220;se f\u00f4ssemos \u00e0 praia?&#8221;"},"content":{"rendered":"<p>n\u00e3o gosto de praia. &#8220;vamos s\u00f3 \u00e0 tardinha&#8230; ver o p\u00f4r do sol.&#8221;<\/p>\n<p>j\u00e1 a frescura mansa do mar percorria o areal quando cheg\u00e1mos. sem trocarmos uma palavra dirigimo-nos para a zona mais recatada da praia. a orla das dunas a resguardar-nos as costas do vento.<\/p>\n<p>dobras os joelhos, cinges as pernas nos bra\u00e7os, enterras os p\u00e9s na areia. deleitada.<\/p>\n<p>por minutos observamos o mar. em sil\u00eancio. dos grupos de pessoas dispersos na dist\u00e2ncia apenas nos chega um ou outro riso indistinto intercalado pelo rebentar peri\u00f3dico das ondas.<\/p>\n<p>olhas-me demoradamente. de s\u00fabito levanta-se um vento inc\u00f3modo que insiste em arremessar areia pelo ar. escondes a cara nos meus bra\u00e7os. &#8220;contigo aqui o sol bem podia nunca se p\u00f4r&#8221;, ou\u00e7o-te dizer.<\/p>\n<p>deixamo-nos ficar. para l\u00e1 das dunas a vila anoitece. acendem-se os primeiros candeeiros p\u00fablicos. o jantar pode esperar.<\/p>\n<p>pod\u00edamos correr praia fora. mergulhar nas ondas cada vez mais sombrias. deixar os corpos a escorrerem sal desabarem na calidez da areia. numa vertigem. esticando os incont\u00e1veis fins de tarde de julho que nunca tivemos.<\/p>\n<p>mas n\u00e3o. deixamo-nos ficar. o sol misturado no vento como ouro gasoso a sulcar o teu cabelo. revolto. o rebentar das ondas. compassado. sabes?<\/p>\n<p>contigo aqui o sol bem podia nem sequer existir.<\/p>\n","protected":false},"excerpt":{"rendered":"<p>n\u00e3o gosto de praia. &#8220;vamos s\u00f3 \u00e0 tardinha&#8230; ver o p\u00f4r do sol.&#8221; j\u00e1 a frescura mansa do mar percorria o areal quando cheg\u00e1mos. sem trocarmos uma palavra dirigimo-nos para a zona mais recatada da praia. a orla das dunas a resguardar-nos as costas do vento. dobras os joelhos, cinges as pernas nos bra\u00e7os, enterras [&hellip;]<\/p>\n","protected":false},"author":1,"featured_media":0,"comment_status":"open","ping_status":"closed","sticky":false,"template":"","format":"standard","meta":{"jetpack_post_was_ever_published":false,"_jetpack_newsletter_access":"","_jetpack_dont_email_post_to_subs":false,"_jetpack_newsletter_tier_id":0,"_jetpack_memberships_contains_paywalled_content":false,"_jetpack_memberships_contains_paid_content":false,"activitypub_content_warning":"","activitypub_content_visibility":"","activitypub_max_image_attachments":3,"activitypub_interaction_policy_quote":"anyone","activitypub_status":"","footnotes":""},"categories":[12],"tags":[],"class_list":["post-226","post","type-post","status-publish","format-standard","hentry","category-portuguese"],"jetpack_featured_media_url":"","jetpack_shortlink":"https:\/\/wp.me\/p9OnVm-3E","jetpack_sharing_enabled":true,"_links":{"self":[{"href":"https:\/\/diffraction.pt\/blog\/wp-json\/wp\/v2\/posts\/226","targetHints":{"allow":["GET"]}}],"collection":[{"href":"https:\/\/diffraction.pt\/blog\/wp-json\/wp\/v2\/posts"}],"about":[{"href":"https:\/\/diffraction.pt\/blog\/wp-json\/wp\/v2\/types\/post"}],"author":[{"embeddable":true,"href":"https:\/\/diffraction.pt\/blog\/wp-json\/wp\/v2\/users\/1"}],"replies":[{"embeddable":true,"href":"https:\/\/diffraction.pt\/blog\/wp-json\/wp\/v2\/comments?post=226"}],"version-history":[{"count":0,"href":"https:\/\/diffraction.pt\/blog\/wp-json\/wp\/v2\/posts\/226\/revisions"}],"wp:attachment":[{"href":"https:\/\/diffraction.pt\/blog\/wp-json\/wp\/v2\/media?parent=226"}],"wp:term":[{"taxonomy":"category","embeddable":true,"href":"https:\/\/diffraction.pt\/blog\/wp-json\/wp\/v2\/categories?post=226"},{"taxonomy":"post_tag","embeddable":true,"href":"https:\/\/diffraction.pt\/blog\/wp-json\/wp\/v2\/tags?post=226"}],"curies":[{"name":"wp","href":"https:\/\/api.w.org\/{rel}","templated":true}]}}