{"id":225,"date":"2005-07-05T16:23:20","date_gmt":"2005-07-05T15:23:20","guid":{"rendered":"http:\/\/blog.pauloribeiro.org\/?p=225"},"modified":"2005-07-05T16:23:20","modified_gmt":"2005-07-05T15:23:20","slug":"deitados-no-chao","status":"publish","type":"post","link":"https:\/\/diffraction.pt\/blog\/2005\/07\/05\/deitados-no-chao\/","title":{"rendered":"deitados no ch\u00e3o,"},"content":{"rendered":"<p>onde a frescura se pressente maior. a cidade trancada l\u00e1 fora. fustigada pelo sol. a espa\u00e7os, dilui-se o fragor do ru\u00eddo dos avi\u00f5es nas bandas de luz que escoam das persianas.<\/p>\n<p>deixo que os olhos se fechem.<\/p>\n<p>expiramos uma solid\u00e3o antiga que logo se condensa, que logo decai como uma nuvem triste sobre os nossos bra\u00e7os despidos. os corpos despidos.<\/p>\n<p>no enlevo do sil\u00eancio esquecemos dec\u00e9nios. im\u00f3veis. \u00e0 espera que o tempo corra sem n\u00f3s. que escapemos por fim \u00e0 \u00f3rbita da terra. que tudo o mais seja o vazio.<\/p>\n<p>di\u00e1fanos. dois corpos como vasos comunicantes.<\/p>\n","protected":false},"excerpt":{"rendered":"<p>onde a frescura se pressente maior. a cidade trancada l\u00e1 fora. fustigada pelo sol. a espa\u00e7os, dilui-se o fragor do ru\u00eddo dos avi\u00f5es nas bandas de luz que escoam das persianas. deixo que os olhos se fechem. expiramos uma solid\u00e3o antiga que logo se condensa, que logo decai como uma nuvem triste sobre os nossos [&hellip;]<\/p>\n","protected":false},"author":1,"featured_media":0,"comment_status":"open","ping_status":"closed","sticky":false,"template":"","format":"standard","meta":{"jetpack_post_was_ever_published":false,"_jetpack_newsletter_access":"","_jetpack_dont_email_post_to_subs":false,"_jetpack_newsletter_tier_id":0,"_jetpack_memberships_contains_paywalled_content":false,"_jetpack_memberships_contains_paid_content":false,"activitypub_content_warning":"","activitypub_content_visibility":"","activitypub_max_image_attachments":3,"activitypub_interaction_policy_quote":"anyone","activitypub_status":"","footnotes":""},"categories":[12],"tags":[],"class_list":["post-225","post","type-post","status-publish","format-standard","hentry","category-portuguese"],"jetpack_featured_media_url":"","jetpack_shortlink":"https:\/\/wp.me\/p9OnVm-3D","jetpack_sharing_enabled":true,"_links":{"self":[{"href":"https:\/\/diffraction.pt\/blog\/wp-json\/wp\/v2\/posts\/225","targetHints":{"allow":["GET"]}}],"collection":[{"href":"https:\/\/diffraction.pt\/blog\/wp-json\/wp\/v2\/posts"}],"about":[{"href":"https:\/\/diffraction.pt\/blog\/wp-json\/wp\/v2\/types\/post"}],"author":[{"embeddable":true,"href":"https:\/\/diffraction.pt\/blog\/wp-json\/wp\/v2\/users\/1"}],"replies":[{"embeddable":true,"href":"https:\/\/diffraction.pt\/blog\/wp-json\/wp\/v2\/comments?post=225"}],"version-history":[{"count":0,"href":"https:\/\/diffraction.pt\/blog\/wp-json\/wp\/v2\/posts\/225\/revisions"}],"wp:attachment":[{"href":"https:\/\/diffraction.pt\/blog\/wp-json\/wp\/v2\/media?parent=225"}],"wp:term":[{"taxonomy":"category","embeddable":true,"href":"https:\/\/diffraction.pt\/blog\/wp-json\/wp\/v2\/categories?post=225"},{"taxonomy":"post_tag","embeddable":true,"href":"https:\/\/diffraction.pt\/blog\/wp-json\/wp\/v2\/tags?post=225"}],"curies":[{"name":"wp","href":"https:\/\/api.w.org\/{rel}","templated":true}]}}