{"id":166,"date":"2005-05-10T00:46:10","date_gmt":"2005-05-09T23:46:10","guid":{"rendered":"\/blog\/2005\/05\/02\/lapsos-ii-pesadelos-recorrentes\/"},"modified":"2005-05-10T00:46:10","modified_gmt":"2005-05-09T23:46:10","slug":"lapsos-ii","status":"publish","type":"post","link":"https:\/\/diffraction.pt\/blog\/2005\/05\/10\/lapsos-ii\/","title":{"rendered":"lapsos ii (pesadelos recorrentes)"},"content":{"rendered":"<p><strong>vii<\/strong><\/p>\n<p>do fundo da minha apatia observo a avalanche de lixeira humana que por mim passa.<br \/>\natropelam-se escadas acima como ratos em fuga das cheias.<br \/>\n&nbsp;<br \/>\n&nbsp;<br \/>\n<strong>vi<\/strong><\/p>\n<p>escrevo&nbsp;&nbsp;mas&nbsp;&nbsp;existe&nbsp;&nbsp;saliva&nbsp;&nbsp;nos&nbsp;&nbsp;espa\u00e7os<br \/>\nentre&nbsp;&nbsp;as&nbsp;&nbsp;palavras&nbsp;&nbsp;que&nbsp;&nbsp;articulo.<br \/>\n&nbsp;<br \/>\n&nbsp;<br \/>\n<strong>v<\/strong><\/p>\n<p>acelerador a fundo atrav\u00e9s da cortina de nevoeiro<br \/>\nat\u00e9 que uma colis\u00e3o frontal me obrigue a estacar.<br \/>\n&nbsp;<br \/>\n&nbsp;<br \/>\n<strong>iv<\/strong><\/p>\n<p>tento picar-te para saber se \u00e9s real; dizes que sim.<br \/>\nn\u00e3o \u00e9s.<br \/>\n&nbsp;<br \/>\n&nbsp;<br \/>\n<strong>iii<\/strong><\/p>\n<p>a \u00faltima brisa da tarde, por mais indefin\u00edvel que seja<br \/>\nlevar-nos-\u00e1 com ela.<br \/>\n&nbsp;<br \/>\n&nbsp;<br \/>\n<strong>ii<\/strong><\/p>\n<p>a cidade deserta. submersa na escurid\u00e3o.<br \/>\nflutuo pelos seus t\u00faneis. nado \u00e0 velocidade do desespero. afogo-me na noite.<br \/>\n&nbsp;<br \/>\n&nbsp;<br \/>\n<strong>i<\/strong><\/p>\n<p>enfim s\u00f3. como sempre estive, afinal.<br \/>\na familiaridade da solid\u00e3o como o abra\u00e7o que n\u00e3o tenho.<br \/>\n&nbsp;<br \/>\n&nbsp;<br \/>\n<a href=\"\/blog\/2005\/05\/02\/lapsos-i\/\">+<\/a><\/p>\n","protected":false},"excerpt":{"rendered":"<p>vii do fundo da minha apatia observo a avalanche de lixeira humana que por mim passa. atropelam-se escadas acima como ratos em fuga das cheias. &nbsp; &nbsp; vi escrevo&nbsp;&nbsp;mas&nbsp;&nbsp;existe&nbsp;&nbsp;saliva&nbsp;&nbsp;nos&nbsp;&nbsp;espa\u00e7os entre&nbsp;&nbsp;as&nbsp;&nbsp;palavras&nbsp;&nbsp;que&nbsp;&nbsp;articulo. &nbsp; &nbsp; v acelerador a fundo atrav\u00e9s da cortina de nevoeiro at\u00e9 que uma colis\u00e3o frontal me obrigue a estacar. &nbsp; &nbsp; iv tento picar-te [&hellip;]<\/p>\n","protected":false},"author":1,"featured_media":0,"comment_status":"open","ping_status":"closed","sticky":false,"template":"","format":"standard","meta":{"jetpack_post_was_ever_published":false,"_jetpack_newsletter_access":"","_jetpack_dont_email_post_to_subs":false,"_jetpack_newsletter_tier_id":0,"_jetpack_memberships_contains_paywalled_content":false,"_jetpack_memberships_contains_paid_content":false,"activitypub_content_warning":"","activitypub_content_visibility":"","activitypub_max_image_attachments":3,"activitypub_interaction_policy_quote":"anyone","activitypub_status":"","footnotes":""},"categories":[12],"tags":[],"class_list":["post-166","post","type-post","status-publish","format-standard","hentry","category-portuguese"],"jetpack_featured_media_url":"","jetpack_shortlink":"https:\/\/wp.me\/p9OnVm-2G","jetpack_sharing_enabled":true,"_links":{"self":[{"href":"https:\/\/diffraction.pt\/blog\/wp-json\/wp\/v2\/posts\/166","targetHints":{"allow":["GET"]}}],"collection":[{"href":"https:\/\/diffraction.pt\/blog\/wp-json\/wp\/v2\/posts"}],"about":[{"href":"https:\/\/diffraction.pt\/blog\/wp-json\/wp\/v2\/types\/post"}],"author":[{"embeddable":true,"href":"https:\/\/diffraction.pt\/blog\/wp-json\/wp\/v2\/users\/1"}],"replies":[{"embeddable":true,"href":"https:\/\/diffraction.pt\/blog\/wp-json\/wp\/v2\/comments?post=166"}],"version-history":[{"count":0,"href":"https:\/\/diffraction.pt\/blog\/wp-json\/wp\/v2\/posts\/166\/revisions"}],"wp:attachment":[{"href":"https:\/\/diffraction.pt\/blog\/wp-json\/wp\/v2\/media?parent=166"}],"wp:term":[{"taxonomy":"category","embeddable":true,"href":"https:\/\/diffraction.pt\/blog\/wp-json\/wp\/v2\/categories?post=166"},{"taxonomy":"post_tag","embeddable":true,"href":"https:\/\/diffraction.pt\/blog\/wp-json\/wp\/v2\/tags?post=166"}],"curies":[{"name":"wp","href":"https:\/\/api.w.org\/{rel}","templated":true}]}}