{"id":139,"date":"2005-03-30T00:34:16","date_gmt":"2005-03-29T23:34:16","guid":{"rendered":"\/blog\/2005\/03\/29\/ficar\/"},"modified":"2005-03-30T00:34:16","modified_gmt":"2005-03-29T23:34:16","slug":"ficar","status":"publish","type":"post","link":"https:\/\/diffraction.pt\/blog\/2005\/03\/30\/ficar\/","title":{"rendered":"ficar"},"content":{"rendered":"<p>se eu pudesse n\u00e3o partir<br \/>\neu ficava aqui contigo<\/p>\n<p>se eu pudesse n\u00e3o querer<br \/>\n&#8230;descobrir<\/p>\n<p>se eu pudesse n\u00e3o escolher<br \/>\neu juro, era este o meu abrigo<\/p>\n<p>se eu pudesse n\u00e3o saber<br \/>\n&#8230;que h\u00e1 mais<\/p>\n<p><img decoding=\"async\" src=\"\/blog\/images\/photos\/05\/ficar_i.jpg\" alt=\"ficar\" \/><\/p>\n<p><img decoding=\"async\" src=\"\/blog\/images\/photos\/05\/ficar_ii.jpg\" alt=\"ficar\" \/><\/p>\n<p>mas como pode a lua n\u00e3o querer o c\u00e9u<br \/>\ncomo pode o mar n\u00e3o querer o ch\u00e3o<br \/>\ncomo pode a vontade acalmar o desejo<br \/>\ncomo posso eu ficar?<br \/>\n&nbsp;<br \/>\n&nbsp;<br \/>\n<em>margarida pinto<\/em><\/p>\n","protected":false},"excerpt":{"rendered":"<p>se eu pudesse n\u00e3o partir eu ficava aqui contigo se eu pudesse n\u00e3o querer &#8230;descobrir se eu pudesse n\u00e3o escolher eu juro, era este o meu abrigo se eu pudesse n\u00e3o saber &#8230;que h\u00e1 mais mas como pode a lua n\u00e3o querer o c\u00e9u como pode o mar n\u00e3o querer o ch\u00e3o como pode a [&hellip;]<\/p>\n","protected":false},"author":1,"featured_media":0,"comment_status":"open","ping_status":"closed","sticky":false,"template":"","format":"standard","meta":{"jetpack_post_was_ever_published":false,"_jetpack_newsletter_access":"","_jetpack_dont_email_post_to_subs":false,"_jetpack_newsletter_tier_id":0,"_jetpack_memberships_contains_paywalled_content":false,"_jetpack_memberships_contains_paid_content":false,"activitypub_content_warning":"","activitypub_content_visibility":"","activitypub_max_image_attachments":3,"activitypub_interaction_policy_quote":"anyone","activitypub_status":"","footnotes":""},"categories":[2,12],"tags":[],"class_list":["post-139","post","type-post","status-publish","format-standard","hentry","category-images","category-portuguese"],"jetpack_featured_media_url":"","jetpack_shortlink":"https:\/\/wp.me\/s9OnVm-ficar","jetpack_sharing_enabled":true,"_links":{"self":[{"href":"https:\/\/diffraction.pt\/blog\/wp-json\/wp\/v2\/posts\/139","targetHints":{"allow":["GET"]}}],"collection":[{"href":"https:\/\/diffraction.pt\/blog\/wp-json\/wp\/v2\/posts"}],"about":[{"href":"https:\/\/diffraction.pt\/blog\/wp-json\/wp\/v2\/types\/post"}],"author":[{"embeddable":true,"href":"https:\/\/diffraction.pt\/blog\/wp-json\/wp\/v2\/users\/1"}],"replies":[{"embeddable":true,"href":"https:\/\/diffraction.pt\/blog\/wp-json\/wp\/v2\/comments?post=139"}],"version-history":[{"count":0,"href":"https:\/\/diffraction.pt\/blog\/wp-json\/wp\/v2\/posts\/139\/revisions"}],"wp:attachment":[{"href":"https:\/\/diffraction.pt\/blog\/wp-json\/wp\/v2\/media?parent=139"}],"wp:term":[{"taxonomy":"category","embeddable":true,"href":"https:\/\/diffraction.pt\/blog\/wp-json\/wp\/v2\/categories?post=139"},{"taxonomy":"post_tag","embeddable":true,"href":"https:\/\/diffraction.pt\/blog\/wp-json\/wp\/v2\/tags?post=139"}],"curies":[{"name":"wp","href":"https:\/\/api.w.org\/{rel}","templated":true}]}}